{"id":64,"date":"2016-03-23T10:03:49","date_gmt":"2016-03-23T08:03:49","guid":{"rendered":"http:\/\/lpna.lv\/?p=64"},"modified":"2016-03-23T10:03:49","modified_gmt":"2016-03-23T08:03:49","slug":"14032016-drukas-un-mediju-tehnoloiju-nep-viesojas-lnb","status":"publish","type":"post","link":"https:\/\/lpna.lv\/?p=64&lang=lv","title":{"rendered":"14.03.2016: Drukas un mediju tehnolo\u0123iju NEP viesojas LNB"},"content":{"rendered":"<p>Atsaucoties Latvijas Nacion\u0101l\u0101s bibliot\u0113kas (LNB) Kompeten\u010du att\u012bst\u012bbas centra vad\u012bt\u0101jas D\u017eenijas Dzirkales-Ma\u013cavkinas uzaicin\u0101jumam, Latvijas Poligr\u0101fijas nozares arodbiedr\u012bbas (LPNA) priek\u0161s\u0113d\u0113tajs Aldis Mis\u0113vi\u010ds, p\u0101rst\u0101vot Drukas un mediju tehnolo\u0123iju nozares ekspertu padomi, piedal\u012bj\u0101s profesion\u0101l\u0101s t\u0101l\u0101kizgl\u012bt\u012bbas programmas \u201e<i>Bibliot\u0113ku zin\u012bbas<\/i>\u201d \u012bsteno\u0161anas uzs\u0101k\u0161anas atkl\u0101\u0161anas pas\u0101kum\u0101 LNB Kompeten\u010du att\u012bst\u012bbas centr\u0101.<\/p>\n<p>  <!--more-->  <\/p>\n<p>&nbsp;<img decoding=\"async\" src=\"images\/stories\/14_03_16\/11.jpg\" \/><\/p>\n<p><i>LPNA priek\u0161s\u0113d\u0113t\u0101js Aldis Mis\u0113vi\u010ds, VISC Profesion\u0101l\u0101s izgl\u012bt\u012bbas satura nodro\u0161in\u0101juma noda\u013cas vec\u0101k\u0101s referentes Inta Annu\u0161k\u0101ne un Dace V\u012bgante<\/i><\/p>\n<p>Latvijas Nacion\u0101l\u0101 bibliot\u0113ka ir LR Izgl\u012bt\u012bbas un zin\u0101tnes ministrijas Izgl\u012bt\u012bbas iest\u0101\u017eu re\u0123istr\u0101 re\u0123istr\u0113ta profesion\u0101l\u0101s t\u0101l\u0101kizgl\u012bt\u012bbas un pilnveides izgl\u012bt\u012bbas iest\u0101de, kura Kompeten\u010du att\u012bst\u012bbas centr\u0101 \u012bsteno Latvijas bibliotek\u0101ru da\u017e\u0101da l\u012bme\u0146a profesion\u0101l\u0101s pilnveides, taj\u0101 skait\u0101 ar\u012b p\u0113c studiju izgl\u012bt\u012bbas, programmas.<\/p>\n<p> <img decoding=\"async\" src=\"images\/stories\/14_03_16\/12.jpg\" \/> <\/p>\n<p>\u00a0<\/p>\n<p><i>Kompeten\u010du att\u012bst\u012bbas centra vad\u012bt\u0101ja<\/i><i> D\u017eenija Dzirkale-Ma\u013cavkina<\/i><i> <\/i><\/p>\n<p>\u00a0<\/p>\n<p>Kompeten\u010du att\u012bst\u012bbas centrs pied\u0101v\u0101 kursus un apm\u0101c\u012bbu programmas publisko, zin\u0101tnisko, speci\u0101lo un izgl\u012bt\u012bbas iest\u0101\u017eu bibliot\u0113ku darbinieku da\u017e\u0101d\u0101m m\u0113r\u0137grup\u0101m.14.mart\u0101 m\u0101c\u012bbas uzs\u0101ka 8 bibliotek\u0101res, kuras apg\u016bs profesion\u0101l\u0101s t\u0101l\u0101kizgl\u012bt\u012bbas programmu \u201e<i>Bibliot\u0113ku zin\u012bbas<\/i>\u201d.<\/p>\n<p> <img decoding=\"async\" src=\"images\/stories\/14_03_16\/13.jpg\" \/> <\/p>\n<p>\u00a0<\/p>\n<p>Inform\u0101ciju sagatavoja<\/p>\n<p>Aldis Mis\u0113vi\u010ds&nbsp;&nbsp;&nbsp;&nbsp;&nbsp;&nbsp;&nbsp;&nbsp;&nbsp;&nbsp;&nbsp;&nbsp;&nbsp;&nbsp;&nbsp;&nbsp;&nbsp;&nbsp;&nbsp;&nbsp;&nbsp;&nbsp;&nbsp;&nbsp;&nbsp;&nbsp;&nbsp;&nbsp;&nbsp;&nbsp;&nbsp;&nbsp;&nbsp;&nbsp;&nbsp;&nbsp;&nbsp;&nbsp;&nbsp;&nbsp;&nbsp;&nbsp;&nbsp;&nbsp;&nbsp;&nbsp;&nbsp;&nbsp;&nbsp;&nbsp;&nbsp;&nbsp;&nbsp;&nbsp;&nbsp;&nbsp;&nbsp;&nbsp;&nbsp;&nbsp;&nbsp;&nbsp;&nbsp;&nbsp;&nbsp;&nbsp;&nbsp;&nbsp;&nbsp;&nbsp;&nbsp;&nbsp;&nbsp;&nbsp;&nbsp;&nbsp;&nbsp;&nbsp;&nbsp;&nbsp;&nbsp;&nbsp;&nbsp;&nbsp;&nbsp;&nbsp;&nbsp;&nbsp;&nbsp;&nbsp;&nbsp;&nbsp;&nbsp;&nbsp;&nbsp;&nbsp;&nbsp;&nbsp;&nbsp;&nbsp;&nbsp;&nbsp;&nbsp;&nbsp;&nbsp;&nbsp;&nbsp;&nbsp;&nbsp;&nbsp;&nbsp;&nbsp;&nbsp;&nbsp;&nbsp;&nbsp;&nbsp;&nbsp;&nbsp;&nbsp;&nbsp;&nbsp;&nbsp;&nbsp;&nbsp;&nbsp;&nbsp;&nbsp;&nbsp;&nbsp;&nbsp;&nbsp;&nbsp;&nbsp;&nbsp;&nbsp;&nbsp;&nbsp;&nbsp;&nbsp;&nbsp;&nbsp;&nbsp;&nbsp;&nbsp;&nbsp;&nbsp;&nbsp;&nbsp;&nbsp;&nbsp;&nbsp;&nbsp;&nbsp;&nbsp;&nbsp;&nbsp;&nbsp;&nbsp;&nbsp;&nbsp;&nbsp; &nbsp;&nbsp;&nbsp;&nbsp;&nbsp; LPNA priek\u0161s\u0113d\u0113t\u0101js<\/p>\n","protected":false},"excerpt":{"rendered":"<p>Atsaucoties Latvijas Nacion\u0101l\u0101s bibliot\u0113kas (LNB) Kompeten\u010du att\u012bst\u012bbas centra vad\u012bt\u0101jas D\u017eenijas Dzirkales-Ma\u013cavkinas uzaicin\u0101jumam, Latvijas Poligr\u0101fijas nozares arodbiedr\u012bbas (LPNA) priek\u0161s\u0113d\u0113tajs Aldis Mis\u0113vi\u010ds, p\u0101rst\u0101vot Drukas un mediju tehnolo\u0123iju nozares ekspertu padomi, piedal\u012bj\u0101s profesion\u0101l\u0101s t\u0101l\u0101kizgl\u012bt\u012bbas programmas \u201eBibliot\u0113ku zin\u012bbas\u201d \u012bsteno\u0161anas uzs\u0101k\u0161anas atkl\u0101\u0161anas pas\u0101kum\u0101 LNB Kompeten\u010du att\u012bst\u012bbas centr\u0101.<\/p>\n","protected":false},"author":1,"featured_media":0,"comment_status":"open","ping_status":"open","sticky":false,"template":"","format":"standard","meta":{"footnotes":""},"categories":[5],"tags":[],"class_list":["post-64","post","type-post","status-publish","format-standard","hentry","category-aktul-informcija"],"_links":{"self":[{"href":"https:\/\/lpna.lv\/index.php?rest_route=\/wp\/v2\/posts\/64","targetHints":{"allow":["GET"]}}],"collection":[{"href":"https:\/\/lpna.lv\/index.php?rest_route=\/wp\/v2\/posts"}],"about":[{"href":"https:\/\/lpna.lv\/index.php?rest_route=\/wp\/v2\/types\/post"}],"author":[{"embeddable":true,"href":"https:\/\/lpna.lv\/index.php?rest_route=\/wp\/v2\/users\/1"}],"replies":[{"embeddable":true,"href":"https:\/\/lpna.lv\/index.php?rest_route=%2Fwp%2Fv2%2Fcomments&post=64"}],"version-history":[{"count":0,"href":"https:\/\/lpna.lv\/index.php?rest_route=\/wp\/v2\/posts\/64\/revisions"}],"wp:attachment":[{"href":"https:\/\/lpna.lv\/index.php?rest_route=%2Fwp%2Fv2%2Fmedia&parent=64"}],"wp:term":[{"taxonomy":"category","embeddable":true,"href":"https:\/\/lpna.lv\/index.php?rest_route=%2Fwp%2Fv2%2Fcategories&post=64"},{"taxonomy":"post_tag","embeddable":true,"href":"https:\/\/lpna.lv\/index.php?rest_route=%2Fwp%2Fv2%2Ftags&post=64"}],"curies":[{"name":"wp","href":"https:\/\/api.w.org\/{rel}","templated":true}]}}